{"id":740,"date":"2021-11-04T20:31:33","date_gmt":"2021-11-04T20:31:33","guid":{"rendered":"https:\/\/nowina.lu\/\/nowina-a-5-ans\/"},"modified":"2021-12-14T23:42:12","modified_gmt":"2021-12-14T23:42:12","slug":"nowina-a-5-ans","status":"publish","type":"post","link":"https:\/\/nowina.lu\/fr\/nowina-a-5-ans\/","title":{"rendered":"Nowina a 5 ans !"},"content":{"rendered":"\n<p>Le 22 mai dernier, Nowina c\u00e9l\u00e9brait son 5<sup>\u00e8me<\/sup>&nbsp;anniversaire.<\/p>\n\n\n\n<p>Et il s\u2019en est pass\u00e9 des choses depuis cinq ans. Cinq ann\u00e9es riches en projets, en exp\u00e9riences et en rencontres.<\/p>\n\n\n\n<p>Il y a cinq ans, Nowina, c\u2019\u00e9tait trois associ\u00e9s fondateurs et un projet. Aujourd\u2019hui, Nowina, c\u2019est 25 personnes et un positionnement de leader de la signature \u00e9lectronique et de la digitalisation. &nbsp;<\/p>\n\n\n\n<p>Des projets plein les cartons et entour\u00e9e de ses partenaires, clients et amis, Nowina a souffl\u00e9 ses 5 bougies. Tourn\u00e9e vers l\u2019avenir, Nowina entend poursuivre sur son \u00e9lan et continuer \u00e0 accompagner les entreprises et administrations d\u00e9sireuses de digitaliser leur cha\u00eene de cr\u00e9ation de valeurs en ce compris la signature pour une num\u00e9risation des processus compl\u00e8te, optimale et s\u00e9curis\u00e9e. L\u2019aventure continue!<\/p>\n","protected":false},"excerpt":{"rendered":"<p>Le 22 mai dernier, Nowina c\u00e9l\u00e9brait son 5\u00e8me&nbsp;anniversaire. Et il s\u2019en est pass\u00e9 des choses depuis cinq ans. Cinq ann\u00e9es [&hellip;]<\/p>\n","protected":false},"author":3,"featured_media":217,"comment_status":"open","ping_status":"open","sticky":false,"template":"","format":"standard","meta":{"content-type":"","footnotes":""},"categories":[4,33],"tags":[],"class_list":["post-740","post","type-post","status-publish","format-standard","has-post-thumbnail","hentry","category-tout","category-news"],"acf":[],"yoast_head":"<!-- This site is optimized with the Yoast SEO plugin v27.5 - https:\/\/yoast.com\/product\/yoast-seo-wordpress\/ -->\n<title>Nowina a 5 ans ! - Nowina<\/title>\n<meta name=\"robots\" content=\"index, follow, max-snippet:-1, max-image-preview:large, max-video-preview:-1\" \/>\n<link rel=\"canonical\" href=\"https:\/\/nowina.lu\/fr\/nowina-a-5-ans\/\" \/>\n<meta property=\"og:locale\" content=\"fr_FR\" \/>\n<meta property=\"og:type\" content=\"article\" \/>\n<meta property=\"og:title\" content=\"Nowina a 5 ans ! - Nowina\" \/>\n<meta property=\"og:description\" content=\"Le 22 mai dernier, Nowina c\u00e9l\u00e9brait son 5\u00e8me&nbsp;anniversaire. Et il s\u2019en est pass\u00e9 des choses depuis cinq ans. Cinq ann\u00e9es [&hellip;]\" \/>\n<meta property=\"og:url\" content=\"https:\/\/nowina.lu\/fr\/nowina-a-5-ans\/\" \/>\n<meta property=\"og:site_name\" content=\"Nowina\" \/>\n<meta property=\"article:publisher\" content=\"https:\/\/www.facebook.com\/nowinasolutions\/\" \/>\n<meta property=\"article:published_time\" content=\"2021-11-04T20:31:33+00:00\" \/>\n<meta property=\"article:modified_time\" content=\"2021-12-14T23:42:12+00:00\" \/>\n<meta property=\"og:image\" content=\"https:\/\/nowina.lu\/wp-content\/uploads\/2021\/11\/nowina-anniversaire-e1638952906809.jpg\" \/>\n\t<meta property=\"og:image:width\" content=\"500\" \/>\n\t<meta property=\"og:image:height\" content=\"749\" \/>\n\t<meta property=\"og:image:type\" content=\"image\/jpeg\" \/>\n<meta name=\"author\" content=\"Nowina\" \/>\n<meta name=\"twitter:card\" content=\"summary_large_image\" \/>\n<meta name=\"twitter:creator\" content=\"@NowinaSolutions\" \/>\n<meta name=\"twitter:site\" content=\"@NowinaSolutions\" \/>\n<meta name=\"twitter:label1\" content=\"\u00c9crit par\" \/>\n\t<meta name=\"twitter:data1\" content=\"Nowina\" \/>\n\t<meta name=\"twitter:label2\" content=\"Dur\u00e9e de lecture estim\u00e9e\" \/>\n\t<meta name=\"twitter:data2\" content=\"1 minute\" \/>\n<script type=\"application\/ld+json\" class=\"yoast-schema-graph\">{\"@context\":\"https:\\\/\\\/schema.org\",\"@graph\":[{\"@type\":\"Article\",\"@id\":\"https:\\\/\\\/nowina.lu\\\/fr\\\/nowina-a-5-ans\\\/#article\",\"isPartOf\":{\"@id\":\"https:\\\/\\\/nowina.lu\\\/fr\\\/nowina-a-5-ans\\\/\"},\"author\":{\"name\":\"Nowina\",\"@id\":\"https:\\\/\\\/nowina.lu\\\/fr\\\/#\\\/schema\\\/person\\\/c408641eda1a4bc20c1e2120ad7a8e6a\"},\"headline\":\"Nowina a 5 ans !\",\"datePublished\":\"2021-11-04T20:31:33+00:00\",\"dateModified\":\"2021-12-14T23:42:12+00:00\",\"mainEntityOfPage\":{\"@id\":\"https:\\\/\\\/nowina.lu\\\/fr\\\/nowina-a-5-ans\\\/\"},\"wordCount\":142,\"commentCount\":0,\"publisher\":{\"@id\":\"https:\\\/\\\/nowina.lu\\\/fr\\\/#organization\"},\"image\":{\"@id\":\"https:\\\/\\\/nowina.lu\\\/fr\\\/nowina-a-5-ans\\\/#primaryimage\"},\"thumbnailUrl\":\"https:\\\/\\\/nowina.lu\\\/wp-content\\\/uploads\\\/2021\\\/11\\\/nowina-anniversaire-e1638952906809.jpg\",\"articleSection\":[\"Tout\",\"News\"],\"inLanguage\":\"fr-FR\",\"potentialAction\":[{\"@type\":\"CommentAction\",\"name\":\"Comment\",\"target\":[\"https:\\\/\\\/nowina.lu\\\/fr\\\/nowina-a-5-ans\\\/#respond\"]}]},{\"@type\":\"WebPage\",\"@id\":\"https:\\\/\\\/nowina.lu\\\/fr\\\/nowina-a-5-ans\\\/\",\"url\":\"https:\\\/\\\/nowina.lu\\\/fr\\\/nowina-a-5-ans\\\/\",\"name\":\"Nowina a 5 ans ! - Nowina\",\"isPartOf\":{\"@id\":\"https:\\\/\\\/nowina.lu\\\/fr\\\/#website\"},\"primaryImageOfPage\":{\"@id\":\"https:\\\/\\\/nowina.lu\\\/fr\\\/nowina-a-5-ans\\\/#primaryimage\"},\"image\":{\"@id\":\"https:\\\/\\\/nowina.lu\\\/fr\\\/nowina-a-5-ans\\\/#primaryimage\"},\"thumbnailUrl\":\"https:\\\/\\\/nowina.lu\\\/wp-content\\\/uploads\\\/2021\\\/11\\\/nowina-anniversaire-e1638952906809.jpg\",\"datePublished\":\"2021-11-04T20:31:33+00:00\",\"dateModified\":\"2021-12-14T23:42:12+00:00\",\"breadcrumb\":{\"@id\":\"https:\\\/\\\/nowina.lu\\\/fr\\\/nowina-a-5-ans\\\/#breadcrumb\"},\"inLanguage\":\"fr-FR\",\"potentialAction\":[{\"@type\":\"ReadAction\",\"target\":[\"https:\\\/\\\/nowina.lu\\\/fr\\\/nowina-a-5-ans\\\/\"]}]},{\"@type\":\"ImageObject\",\"inLanguage\":\"fr-FR\",\"@id\":\"https:\\\/\\\/nowina.lu\\\/fr\\\/nowina-a-5-ans\\\/#primaryimage\",\"url\":\"https:\\\/\\\/nowina.lu\\\/wp-content\\\/uploads\\\/2021\\\/11\\\/nowina-anniversaire-e1638952906809.jpg\",\"contentUrl\":\"https:\\\/\\\/nowina.lu\\\/wp-content\\\/uploads\\\/2021\\\/11\\\/nowina-anniversaire-e1638952906809.jpg\",\"width\":500,\"height\":749,\"caption\":\"Nowina - birthday,5,years\"},{\"@type\":\"BreadcrumbList\",\"@id\":\"https:\\\/\\\/nowina.lu\\\/fr\\\/nowina-a-5-ans\\\/#breadcrumb\",\"itemListElement\":[{\"@type\":\"ListItem\",\"position\":1,\"name\":\"Home\",\"item\":\"https:\\\/\\\/nowina.lu\\\/fr\\\/\"},{\"@type\":\"ListItem\",\"position\":2,\"name\":\"Nowina a 5 ans !\"}]},{\"@type\":\"WebSite\",\"@id\":\"https:\\\/\\\/nowina.lu\\\/fr\\\/#website\",\"url\":\"https:\\\/\\\/nowina.lu\\\/fr\\\/\",\"name\":\"nowina\",\"description\":\"Reap the benefits of electronic signature\",\"publisher\":{\"@id\":\"https:\\\/\\\/nowina.lu\\\/fr\\\/#organization\"},\"potentialAction\":[{\"@type\":\"SearchAction\",\"target\":{\"@type\":\"EntryPoint\",\"urlTemplate\":\"https:\\\/\\\/nowina.lu\\\/fr\\\/?s={search_term_string}\"},\"query-input\":{\"@type\":\"PropertyValueSpecification\",\"valueRequired\":true,\"valueName\":\"search_term_string\"}}],\"inLanguage\":\"fr-FR\"},{\"@type\":\"Organization\",\"@id\":\"https:\\\/\\\/nowina.lu\\\/fr\\\/#organization\",\"name\":\"Nowina Solutions\",\"url\":\"https:\\\/\\\/nowina.lu\\\/fr\\\/\",\"logo\":{\"@type\":\"ImageObject\",\"inLanguage\":\"fr-FR\",\"@id\":\"https:\\\/\\\/nowina.lu\\\/fr\\\/#\\\/schema\\\/logo\\\/image\\\/\",\"url\":\"https:\\\/\\\/nowina.lu\\\/\\\/wp-content\\\/uploads\\\/2021\\\/11\\\/logo-primary.png\",\"contentUrl\":\"https:\\\/\\\/nowina.lu\\\/\\\/wp-content\\\/uploads\\\/2021\\\/11\\\/logo-primary.png\",\"width\":501,\"height\":101,\"caption\":\"Nowina Solutions\"},\"image\":{\"@id\":\"https:\\\/\\\/nowina.lu\\\/fr\\\/#\\\/schema\\\/logo\\\/image\\\/\"},\"sameAs\":[\"https:\\\/\\\/www.facebook.com\\\/nowinasolutions\\\/\",\"https:\\\/\\\/x.com\\\/NowinaSolutions\",\"https:\\\/\\\/www.linkedin.com\\\/company\\\/nowina-solutions\\\/\"]},{\"@type\":\"Person\",\"@id\":\"https:\\\/\\\/nowina.lu\\\/fr\\\/#\\\/schema\\\/person\\\/c408641eda1a4bc20c1e2120ad7a8e6a\",\"name\":\"Nowina\",\"image\":{\"@type\":\"ImageObject\",\"inLanguage\":\"fr-FR\",\"@id\":\"https:\\\/\\\/secure.gravatar.com\\\/avatar\\\/9a352d0b97437986ad45a583e7a9f0f445af0a97b7186ebe3218d582953f49cf?s=96&d=mm&r=g\",\"url\":\"https:\\\/\\\/secure.gravatar.com\\\/avatar\\\/9a352d0b97437986ad45a583e7a9f0f445af0a97b7186ebe3218d582953f49cf?s=96&d=mm&r=g\",\"contentUrl\":\"https:\\\/\\\/secure.gravatar.com\\\/avatar\\\/9a352d0b97437986ad45a583e7a9f0f445af0a97b7186ebe3218d582953f49cf?s=96&d=mm&r=g\",\"caption\":\"Nowina\"},\"sameAs\":[\"https:\\\/\\\/nowina.lu\\\/\"]}]}<\/script>\n<!-- \/ Yoast SEO plugin. -->","yoast_head_json":{"title":"Nowina a 5 ans ! - Nowina","robots":{"index":"index","follow":"follow","max-snippet":"max-snippet:-1","max-image-preview":"max-image-preview:large","max-video-preview":"max-video-preview:-1"},"canonical":"https:\/\/nowina.lu\/fr\/nowina-a-5-ans\/","og_locale":"fr_FR","og_type":"article","og_title":"Nowina a 5 ans ! - Nowina","og_description":"Le 22 mai dernier, Nowina c\u00e9l\u00e9brait son 5\u00e8me&nbsp;anniversaire. Et il s\u2019en est pass\u00e9 des choses depuis cinq ans. Cinq ann\u00e9es [&hellip;]","og_url":"https:\/\/nowina.lu\/fr\/nowina-a-5-ans\/","og_site_name":"Nowina","article_publisher":"https:\/\/www.facebook.com\/nowinasolutions\/","article_published_time":"2021-11-04T20:31:33+00:00","article_modified_time":"2021-12-14T23:42:12+00:00","og_image":[{"width":500,"height":749,"url":"https:\/\/nowina.lu\/wp-content\/uploads\/2021\/11\/nowina-anniversaire-e1638952906809.jpg","type":"image\/jpeg"}],"author":"Nowina","twitter_card":"summary_large_image","twitter_creator":"@NowinaSolutions","twitter_site":"@NowinaSolutions","twitter_misc":{"\u00c9crit par":"Nowina","Dur\u00e9e de lecture estim\u00e9e":"1 minute"},"schema":{"@context":"https:\/\/schema.org","@graph":[{"@type":"Article","@id":"https:\/\/nowina.lu\/fr\/nowina-a-5-ans\/#article","isPartOf":{"@id":"https:\/\/nowina.lu\/fr\/nowina-a-5-ans\/"},"author":{"name":"Nowina","@id":"https:\/\/nowina.lu\/fr\/#\/schema\/person\/c408641eda1a4bc20c1e2120ad7a8e6a"},"headline":"Nowina a 5 ans !","datePublished":"2021-11-04T20:31:33+00:00","dateModified":"2021-12-14T23:42:12+00:00","mainEntityOfPage":{"@id":"https:\/\/nowina.lu\/fr\/nowina-a-5-ans\/"},"wordCount":142,"commentCount":0,"publisher":{"@id":"https:\/\/nowina.lu\/fr\/#organization"},"image":{"@id":"https:\/\/nowina.lu\/fr\/nowina-a-5-ans\/#primaryimage"},"thumbnailUrl":"https:\/\/nowina.lu\/wp-content\/uploads\/2021\/11\/nowina-anniversaire-e1638952906809.jpg","articleSection":["Tout","News"],"inLanguage":"fr-FR","potentialAction":[{"@type":"CommentAction","name":"Comment","target":["https:\/\/nowina.lu\/fr\/nowina-a-5-ans\/#respond"]}]},{"@type":"WebPage","@id":"https:\/\/nowina.lu\/fr\/nowina-a-5-ans\/","url":"https:\/\/nowina.lu\/fr\/nowina-a-5-ans\/","name":"Nowina a 5 ans ! - Nowina","isPartOf":{"@id":"https:\/\/nowina.lu\/fr\/#website"},"primaryImageOfPage":{"@id":"https:\/\/nowina.lu\/fr\/nowina-a-5-ans\/#primaryimage"},"image":{"@id":"https:\/\/nowina.lu\/fr\/nowina-a-5-ans\/#primaryimage"},"thumbnailUrl":"https:\/\/nowina.lu\/wp-content\/uploads\/2021\/11\/nowina-anniversaire-e1638952906809.jpg","datePublished":"2021-11-04T20:31:33+00:00","dateModified":"2021-12-14T23:42:12+00:00","breadcrumb":{"@id":"https:\/\/nowina.lu\/fr\/nowina-a-5-ans\/#breadcrumb"},"inLanguage":"fr-FR","potentialAction":[{"@type":"ReadAction","target":["https:\/\/nowina.lu\/fr\/nowina-a-5-ans\/"]}]},{"@type":"ImageObject","inLanguage":"fr-FR","@id":"https:\/\/nowina.lu\/fr\/nowina-a-5-ans\/#primaryimage","url":"https:\/\/nowina.lu\/wp-content\/uploads\/2021\/11\/nowina-anniversaire-e1638952906809.jpg","contentUrl":"https:\/\/nowina.lu\/wp-content\/uploads\/2021\/11\/nowina-anniversaire-e1638952906809.jpg","width":500,"height":749,"caption":"Nowina - birthday,5,years"},{"@type":"BreadcrumbList","@id":"https:\/\/nowina.lu\/fr\/nowina-a-5-ans\/#breadcrumb","itemListElement":[{"@type":"ListItem","position":1,"name":"Home","item":"https:\/\/nowina.lu\/fr\/"},{"@type":"ListItem","position":2,"name":"Nowina a 5 ans !"}]},{"@type":"WebSite","@id":"https:\/\/nowina.lu\/fr\/#website","url":"https:\/\/nowina.lu\/fr\/","name":"nowina","description":"Reap the benefits of electronic signature","publisher":{"@id":"https:\/\/nowina.lu\/fr\/#organization"},"potentialAction":[{"@type":"SearchAction","target":{"@type":"EntryPoint","urlTemplate":"https:\/\/nowina.lu\/fr\/?s={search_term_string}"},"query-input":{"@type":"PropertyValueSpecification","valueRequired":true,"valueName":"search_term_string"}}],"inLanguage":"fr-FR"},{"@type":"Organization","@id":"https:\/\/nowina.lu\/fr\/#organization","name":"Nowina Solutions","url":"https:\/\/nowina.lu\/fr\/","logo":{"@type":"ImageObject","inLanguage":"fr-FR","@id":"https:\/\/nowina.lu\/fr\/#\/schema\/logo\/image\/","url":"https:\/\/nowina.lu\/\/wp-content\/uploads\/2021\/11\/logo-primary.png","contentUrl":"https:\/\/nowina.lu\/\/wp-content\/uploads\/2021\/11\/logo-primary.png","width":501,"height":101,"caption":"Nowina Solutions"},"image":{"@id":"https:\/\/nowina.lu\/fr\/#\/schema\/logo\/image\/"},"sameAs":["https:\/\/www.facebook.com\/nowinasolutions\/","https:\/\/x.com\/NowinaSolutions","https:\/\/www.linkedin.com\/company\/nowina-solutions\/"]},{"@type":"Person","@id":"https:\/\/nowina.lu\/fr\/#\/schema\/person\/c408641eda1a4bc20c1e2120ad7a8e6a","name":"Nowina","image":{"@type":"ImageObject","inLanguage":"fr-FR","@id":"https:\/\/secure.gravatar.com\/avatar\/9a352d0b97437986ad45a583e7a9f0f445af0a97b7186ebe3218d582953f49cf?s=96&d=mm&r=g","url":"https:\/\/secure.gravatar.com\/avatar\/9a352d0b97437986ad45a583e7a9f0f445af0a97b7186ebe3218d582953f49cf?s=96&d=mm&r=g","contentUrl":"https:\/\/secure.gravatar.com\/avatar\/9a352d0b97437986ad45a583e7a9f0f445af0a97b7186ebe3218d582953f49cf?s=96&d=mm&r=g","caption":"Nowina"},"sameAs":["https:\/\/nowina.lu\/"]}]}},"_links":{"self":[{"href":"https:\/\/nowina.lu\/fr\/wp-json\/wp\/v2\/posts\/740","targetHints":{"allow":["GET"]}}],"collection":[{"href":"https:\/\/nowina.lu\/fr\/wp-json\/wp\/v2\/posts"}],"about":[{"href":"https:\/\/nowina.lu\/fr\/wp-json\/wp\/v2\/types\/post"}],"author":[{"embeddable":true,"href":"https:\/\/nowina.lu\/fr\/wp-json\/wp\/v2\/users\/3"}],"replies":[{"embeddable":true,"href":"https:\/\/nowina.lu\/fr\/wp-json\/wp\/v2\/comments?post=740"}],"version-history":[{"count":1,"href":"https:\/\/nowina.lu\/fr\/wp-json\/wp\/v2\/posts\/740\/revisions"}],"predecessor-version":[{"id":741,"href":"https:\/\/nowina.lu\/fr\/wp-json\/wp\/v2\/posts\/740\/revisions\/741"}],"wp:featuredmedia":[{"embeddable":true,"href":"https:\/\/nowina.lu\/fr\/wp-json\/wp\/v2\/media\/217"}],"wp:attachment":[{"href":"https:\/\/nowina.lu\/fr\/wp-json\/wp\/v2\/media?parent=740"}],"wp:term":[{"taxonomy":"category","embeddable":true,"href":"https:\/\/nowina.lu\/fr\/wp-json\/wp\/v2\/categories?post=740"},{"taxonomy":"post_tag","embeddable":true,"href":"https:\/\/nowina.lu\/fr\/wp-json\/wp\/v2\/tags?post=740"}],"curies":[{"name":"wp","href":"https:\/\/api.w.org\/{rel}","templated":true}]}}